{"id":1330,"date":"2025-02-04T14:06:58","date_gmt":"2025-02-04T13:06:58","guid":{"rendered":"https:\/\/www.sunrockbiopharma.com\/?p=1330"},"modified":"2025-02-13T11:13:44","modified_gmt":"2025-02-13T10:13:44","slug":"sunrock-biopharma-realizara-una-presentacion-oral-sobre-su-anticuerpo-anti-ccr9-para-la-eii-en-ecco25-berlin","status":"publish","type":"post","link":"https:\/\/www.sunrockbiopharma.com\/es\/sunrock-biopharma-realizara-una-presentacion-oral-sobre-su-anticuerpo-anti-ccr9-para-la-eii-en-ecco25-berlin\/","title":{"rendered":"SunRock Biopharma realizar\u00e1 una presentaci\u00f3n oral sobre su anticuerpo anti-CCR9 para la EII en ECCO25, Berl\u00edn."},"content":{"rendered":"<p>La comunicaci\u00f3n de SunRock ha sido seleccionada para su presentaci\u00f3n oral en el 20\u00ba Congreso de ECCO, que se celebrar\u00e1 del 19 al 22 de febrero de 2025 en Berl\u00edn (Alemania).<\/p>\n<p class=\"wi-article-title article-title-main accessible-content-title at-articleTitle\">DOP065 SRB1: a Best-in-Class CCR9 depleting antibody that restores immune homeostasis in IBD patients<\/p>\n<p class=\"wi-article-title article-title-main accessible-content-title at-articleTitle\"><i class=\"icon-availability_free\" title=\"Free\"><\/i><a href=\"https:\/\/academic.oup.com\/ecco-jcc\/article\/19\/Supplement_1\/i209\/7966915\">https:\/\/academic.oup.com\/ecco-jcc\/article\/19\/Supplement_1\/i209\/7966915<\/a><\/p>\n","protected":false},"excerpt":{"rendered":"<p>La comunicaci\u00f3n de SunRock ha sido seleccionada para su presentaci\u00f3n oral en el 20\u00ba Congreso de ECCO, que se celebrar\u00e1 del&#8230;<\/p>\n","protected":false},"author":1,"featured_media":1364,"comment_status":"closed","ping_status":"closed","sticky":false,"template":"","format":"standard","meta":{"_mi_skip_tracking":false},"categories":[19],"tags":[],"yoast_head":"<!-- This site is optimized with the Yoast SEO plugin v17.7.1 - https:\/\/yoast.com\/wordpress\/plugins\/seo\/ -->\r\n<title>SunRock Biopharma realizar\u00e1 una presentaci\u00f3n oral sobre su anticuerpo anti-CCR9 para la EII en ECCO25, Berl\u00edn. | SunRock Biopharma<\/title>\r\n<meta name=\"robots\" content=\"noindex, follow\" \/>\r\n<meta property=\"og:locale\" content=\"es_ES\" \/>\r\n<meta property=\"og:type\" content=\"article\" \/>\r\n<meta property=\"og:title\" content=\"SunRock Biopharma realizar\u00e1 una presentaci\u00f3n oral sobre su anticuerpo anti-CCR9 para la EII en ECCO25, Berl\u00edn. | SunRock Biopharma\" \/>\r\n<meta property=\"og:description\" content=\"La comunicaci\u00f3n de SunRock ha sido seleccionada para su presentaci\u00f3n oral en el 20\u00ba Congreso de ECCO, que se celebrar\u00e1 del...\" \/>\r\n<meta property=\"og:url\" content=\"https:\/\/www.sunrockbiopharma.com\/es\/sunrock-biopharma-realizara-una-presentacion-oral-sobre-su-anticuerpo-anti-ccr9-para-la-eii-en-ecco25-berlin\/\" \/>\r\n<meta property=\"og:site_name\" content=\"SunRock Biopharma\" \/>\r\n<meta property=\"article:published_time\" content=\"2025-02-04T13:06:58+00:00\" \/>\r\n<meta property=\"article:modified_time\" content=\"2025-02-13T10:13:44+00:00\" \/>\r\n<meta property=\"og:image\" content=\"https:\/\/www.sunrockbiopharma.com\/wp-content\/uploads\/2025\/01\/ECCO25_2.jpg\" \/>\r\n\t<meta property=\"og:image:width\" content=\"1280\" \/>\r\n\t<meta property=\"og:image:height\" content=\"720\" \/>\r\n<meta name=\"twitter:card\" content=\"summary_large_image\" \/>\r\n<meta name=\"twitter:label1\" content=\"Escrito por\" \/>\n\t<meta name=\"twitter:data1\" content=\"SunRock\" \/>\r\n<script type=\"application\/ld+json\" class=\"yoast-schema-graph\">{\"@context\":\"https:\/\/schema.org\",\"@graph\":[{\"@type\":\"Organization\",\"@id\":\"https:\/\/www.sunrockbiopharma.com\/#organization\",\"name\":\"SunRock Biopharma\",\"url\":\"https:\/\/www.sunrockbiopharma.com\/\",\"sameAs\":[],\"logo\":{\"@type\":\"ImageObject\",\"@id\":\"https:\/\/www.sunrockbiopharma.com\/#logo\",\"inLanguage\":\"es\",\"url\":\"https:\/\/www.sunrockbiopharma.com\/wp-content\/uploads\/2020\/09\/sunrock-seo-fb.png\",\"contentUrl\":\"https:\/\/www.sunrockbiopharma.com\/wp-content\/uploads\/2020\/09\/sunrock-seo-fb.png\",\"width\":1201,\"height\":631,\"caption\":\"SunRock Biopharma\"},\"image\":{\"@id\":\"https:\/\/www.sunrockbiopharma.com\/#logo\"}},{\"@type\":\"WebSite\",\"@id\":\"https:\/\/www.sunrockbiopharma.com\/#website\",\"url\":\"https:\/\/www.sunrockbiopharma.com\/\",\"name\":\"SunRock Biopharma\",\"description\":\"Solutions for cancer therapy\",\"publisher\":{\"@id\":\"https:\/\/www.sunrockbiopharma.com\/#organization\"},\"potentialAction\":[{\"@type\":\"SearchAction\",\"target\":{\"@type\":\"EntryPoint\",\"urlTemplate\":\"https:\/\/www.sunrockbiopharma.com\/?s={search_term_string}\"},\"query-input\":\"required name=search_term_string\"}],\"inLanguage\":\"es\"},{\"@type\":\"ImageObject\",\"@id\":\"https:\/\/www.sunrockbiopharma.com\/es\/sunrock-biopharma-realizara-una-presentacion-oral-sobre-su-anticuerpo-anti-ccr9-para-la-eii-en-ecco25-berlin\/#primaryimage\",\"inLanguage\":\"es\",\"url\":\"https:\/\/www.sunrockbiopharma.com\/wp-content\/uploads\/2025\/01\/ECCO25_2.jpg\",\"contentUrl\":\"https:\/\/www.sunrockbiopharma.com\/wp-content\/uploads\/2025\/01\/ECCO25_2.jpg\",\"width\":1280,\"height\":720},{\"@type\":\"WebPage\",\"@id\":\"https:\/\/www.sunrockbiopharma.com\/es\/sunrock-biopharma-realizara-una-presentacion-oral-sobre-su-anticuerpo-anti-ccr9-para-la-eii-en-ecco25-berlin\/#webpage\",\"url\":\"https:\/\/www.sunrockbiopharma.com\/es\/sunrock-biopharma-realizara-una-presentacion-oral-sobre-su-anticuerpo-anti-ccr9-para-la-eii-en-ecco25-berlin\/\",\"name\":\"SunRock Biopharma realizar\\u00e1 una presentaci\\u00f3n oral sobre su anticuerpo anti-CCR9 para la EII en ECCO25, Berl\\u00edn. | SunRock Biopharma\",\"isPartOf\":{\"@id\":\"https:\/\/www.sunrockbiopharma.com\/#website\"},\"primaryImageOfPage\":{\"@id\":\"https:\/\/www.sunrockbiopharma.com\/es\/sunrock-biopharma-realizara-una-presentacion-oral-sobre-su-anticuerpo-anti-ccr9-para-la-eii-en-ecco25-berlin\/#primaryimage\"},\"datePublished\":\"2025-02-04T13:06:58+00:00\",\"dateModified\":\"2025-02-13T10:13:44+00:00\",\"breadcrumb\":{\"@id\":\"https:\/\/www.sunrockbiopharma.com\/es\/sunrock-biopharma-realizara-una-presentacion-oral-sobre-su-anticuerpo-anti-ccr9-para-la-eii-en-ecco25-berlin\/#breadcrumb\"},\"inLanguage\":\"es\",\"potentialAction\":[{\"@type\":\"ReadAction\",\"target\":[\"https:\/\/www.sunrockbiopharma.com\/es\/sunrock-biopharma-realizara-una-presentacion-oral-sobre-su-anticuerpo-anti-ccr9-para-la-eii-en-ecco25-berlin\/\"]}]},{\"@type\":\"BreadcrumbList\",\"@id\":\"https:\/\/www.sunrockbiopharma.com\/es\/sunrock-biopharma-realizara-una-presentacion-oral-sobre-su-anticuerpo-anti-ccr9-para-la-eii-en-ecco25-berlin\/#breadcrumb\",\"itemListElement\":[{\"@type\":\"ListItem\",\"position\":1,\"name\":\"Home\",\"item\":\"https:\/\/www.sunrockbiopharma.com\/es\/\"},{\"@type\":\"ListItem\",\"position\":2,\"name\":\"SunRock Biopharma realizar\\u00e1 una presentaci\\u00f3n oral sobre su anticuerpo anti-CCR9 para la EII en ECCO25, Berl\\u00edn.\"}]},{\"@type\":\"Article\",\"@id\":\"https:\/\/www.sunrockbiopharma.com\/es\/sunrock-biopharma-realizara-una-presentacion-oral-sobre-su-anticuerpo-anti-ccr9-para-la-eii-en-ecco25-berlin\/#article\",\"isPartOf\":{\"@id\":\"https:\/\/www.sunrockbiopharma.com\/es\/sunrock-biopharma-realizara-una-presentacion-oral-sobre-su-anticuerpo-anti-ccr9-para-la-eii-en-ecco25-berlin\/#webpage\"},\"author\":{\"@id\":\"https:\/\/www.sunrockbiopharma.com\/#\/schema\/person\/4ea2f25ba0ae14f007cd36bc8c8550ea\"},\"headline\":\"SunRock Biopharma realizar\\u00e1 una presentaci\\u00f3n oral sobre su anticuerpo anti-CCR9 para la EII en ECCO25, Berl\\u00edn.\",\"datePublished\":\"2025-02-04T13:06:58+00:00\",\"dateModified\":\"2025-02-13T10:13:44+00:00\",\"mainEntityOfPage\":{\"@id\":\"https:\/\/www.sunrockbiopharma.com\/es\/sunrock-biopharma-realizara-una-presentacion-oral-sobre-su-anticuerpo-anti-ccr9-para-la-eii-en-ecco25-berlin\/#webpage\"},\"wordCount\":71,\"publisher\":{\"@id\":\"https:\/\/www.sunrockbiopharma.com\/#organization\"},\"image\":{\"@id\":\"https:\/\/www.sunrockbiopharma.com\/es\/sunrock-biopharma-realizara-una-presentacion-oral-sobre-su-anticuerpo-anti-ccr9-para-la-eii-en-ecco25-berlin\/#primaryimage\"},\"thumbnailUrl\":\"https:\/\/www.sunrockbiopharma.com\/wp-content\/uploads\/2025\/01\/ECCO25_2.jpg\",\"articleSection\":[\"noticias\"],\"inLanguage\":\"es\"},{\"@type\":\"Person\",\"@id\":\"https:\/\/www.sunrockbiopharma.com\/#\/schema\/person\/4ea2f25ba0ae14f007cd36bc8c8550ea\",\"name\":\"SunRock\",\"image\":{\"@type\":\"ImageObject\",\"@id\":\"https:\/\/www.sunrockbiopharma.com\/#personlogo\",\"inLanguage\":\"es\",\"url\":\"https:\/\/secure.gravatar.com\/avatar\/e49e14e1d27c5f474f91bf5035dbde13?s=96&d=mm&r=g\",\"contentUrl\":\"https:\/\/secure.gravatar.com\/avatar\/e49e14e1d27c5f474f91bf5035dbde13?s=96&d=mm&r=g\",\"caption\":\"SunRock\"}}]}<\/script>\r\n<!-- \/ Yoast SEO plugin. -->","yoast_head_json":{"title":"SunRock Biopharma realizar\u00e1 una presentaci\u00f3n oral sobre su anticuerpo anti-CCR9 para la EII en ECCO25, Berl\u00edn. | SunRock Biopharma","robots":{"index":"noindex","follow":"follow"},"og_locale":"es_ES","og_type":"article","og_title":"SunRock Biopharma realizar\u00e1 una presentaci\u00f3n oral sobre su anticuerpo anti-CCR9 para la EII en ECCO25, Berl\u00edn. | SunRock Biopharma","og_description":"La comunicaci\u00f3n de SunRock ha sido seleccionada para su presentaci\u00f3n oral en el 20\u00ba Congreso de ECCO, que se celebrar\u00e1 del...","og_url":"https:\/\/www.sunrockbiopharma.com\/es\/sunrock-biopharma-realizara-una-presentacion-oral-sobre-su-anticuerpo-anti-ccr9-para-la-eii-en-ecco25-berlin\/","og_site_name":"SunRock Biopharma","article_published_time":"2025-02-04T13:06:58+00:00","article_modified_time":"2025-02-13T10:13:44+00:00","og_image":[{"width":1280,"height":720,"url":"https:\/\/www.sunrockbiopharma.com\/wp-content\/uploads\/2025\/01\/ECCO25_2.jpg","type":"image\/jpeg"}],"twitter_card":"summary_large_image","twitter_misc":{"Escrito por":"SunRock"},"schema":{"@context":"https:\/\/schema.org","@graph":[{"@type":"Organization","@id":"https:\/\/www.sunrockbiopharma.com\/#organization","name":"SunRock Biopharma","url":"https:\/\/www.sunrockbiopharma.com\/","sameAs":[],"logo":{"@type":"ImageObject","@id":"https:\/\/www.sunrockbiopharma.com\/#logo","inLanguage":"es","url":"https:\/\/www.sunrockbiopharma.com\/wp-content\/uploads\/2020\/09\/sunrock-seo-fb.png","contentUrl":"https:\/\/www.sunrockbiopharma.com\/wp-content\/uploads\/2020\/09\/sunrock-seo-fb.png","width":1201,"height":631,"caption":"SunRock Biopharma"},"image":{"@id":"https:\/\/www.sunrockbiopharma.com\/#logo"}},{"@type":"WebSite","@id":"https:\/\/www.sunrockbiopharma.com\/#website","url":"https:\/\/www.sunrockbiopharma.com\/","name":"SunRock Biopharma","description":"Solutions for cancer therapy","publisher":{"@id":"https:\/\/www.sunrockbiopharma.com\/#organization"},"potentialAction":[{"@type":"SearchAction","target":{"@type":"EntryPoint","urlTemplate":"https:\/\/www.sunrockbiopharma.com\/?s={search_term_string}"},"query-input":"required name=search_term_string"}],"inLanguage":"es"},{"@type":"ImageObject","@id":"https:\/\/www.sunrockbiopharma.com\/es\/sunrock-biopharma-realizara-una-presentacion-oral-sobre-su-anticuerpo-anti-ccr9-para-la-eii-en-ecco25-berlin\/#primaryimage","inLanguage":"es","url":"https:\/\/www.sunrockbiopharma.com\/wp-content\/uploads\/2025\/01\/ECCO25_2.jpg","contentUrl":"https:\/\/www.sunrockbiopharma.com\/wp-content\/uploads\/2025\/01\/ECCO25_2.jpg","width":1280,"height":720},{"@type":"WebPage","@id":"https:\/\/www.sunrockbiopharma.com\/es\/sunrock-biopharma-realizara-una-presentacion-oral-sobre-su-anticuerpo-anti-ccr9-para-la-eii-en-ecco25-berlin\/#webpage","url":"https:\/\/www.sunrockbiopharma.com\/es\/sunrock-biopharma-realizara-una-presentacion-oral-sobre-su-anticuerpo-anti-ccr9-para-la-eii-en-ecco25-berlin\/","name":"SunRock Biopharma realizar\u00e1 una presentaci\u00f3n oral sobre su anticuerpo anti-CCR9 para la EII en ECCO25, Berl\u00edn. | SunRock Biopharma","isPartOf":{"@id":"https:\/\/www.sunrockbiopharma.com\/#website"},"primaryImageOfPage":{"@id":"https:\/\/www.sunrockbiopharma.com\/es\/sunrock-biopharma-realizara-una-presentacion-oral-sobre-su-anticuerpo-anti-ccr9-para-la-eii-en-ecco25-berlin\/#primaryimage"},"datePublished":"2025-02-04T13:06:58+00:00","dateModified":"2025-02-13T10:13:44+00:00","breadcrumb":{"@id":"https:\/\/www.sunrockbiopharma.com\/es\/sunrock-biopharma-realizara-una-presentacion-oral-sobre-su-anticuerpo-anti-ccr9-para-la-eii-en-ecco25-berlin\/#breadcrumb"},"inLanguage":"es","potentialAction":[{"@type":"ReadAction","target":["https:\/\/www.sunrockbiopharma.com\/es\/sunrock-biopharma-realizara-una-presentacion-oral-sobre-su-anticuerpo-anti-ccr9-para-la-eii-en-ecco25-berlin\/"]}]},{"@type":"BreadcrumbList","@id":"https:\/\/www.sunrockbiopharma.com\/es\/sunrock-biopharma-realizara-una-presentacion-oral-sobre-su-anticuerpo-anti-ccr9-para-la-eii-en-ecco25-berlin\/#breadcrumb","itemListElement":[{"@type":"ListItem","position":1,"name":"Home","item":"https:\/\/www.sunrockbiopharma.com\/es\/"},{"@type":"ListItem","position":2,"name":"SunRock Biopharma realizar\u00e1 una presentaci\u00f3n oral sobre su anticuerpo anti-CCR9 para la EII en ECCO25, Berl\u00edn."}]},{"@type":"Article","@id":"https:\/\/www.sunrockbiopharma.com\/es\/sunrock-biopharma-realizara-una-presentacion-oral-sobre-su-anticuerpo-anti-ccr9-para-la-eii-en-ecco25-berlin\/#article","isPartOf":{"@id":"https:\/\/www.sunrockbiopharma.com\/es\/sunrock-biopharma-realizara-una-presentacion-oral-sobre-su-anticuerpo-anti-ccr9-para-la-eii-en-ecco25-berlin\/#webpage"},"author":{"@id":"https:\/\/www.sunrockbiopharma.com\/#\/schema\/person\/4ea2f25ba0ae14f007cd36bc8c8550ea"},"headline":"SunRock Biopharma realizar\u00e1 una presentaci\u00f3n oral sobre su anticuerpo anti-CCR9 para la EII en ECCO25, Berl\u00edn.","datePublished":"2025-02-04T13:06:58+00:00","dateModified":"2025-02-13T10:13:44+00:00","mainEntityOfPage":{"@id":"https:\/\/www.sunrockbiopharma.com\/es\/sunrock-biopharma-realizara-una-presentacion-oral-sobre-su-anticuerpo-anti-ccr9-para-la-eii-en-ecco25-berlin\/#webpage"},"wordCount":71,"publisher":{"@id":"https:\/\/www.sunrockbiopharma.com\/#organization"},"image":{"@id":"https:\/\/www.sunrockbiopharma.com\/es\/sunrock-biopharma-realizara-una-presentacion-oral-sobre-su-anticuerpo-anti-ccr9-para-la-eii-en-ecco25-berlin\/#primaryimage"},"thumbnailUrl":"https:\/\/www.sunrockbiopharma.com\/wp-content\/uploads\/2025\/01\/ECCO25_2.jpg","articleSection":["noticias"],"inLanguage":"es"},{"@type":"Person","@id":"https:\/\/www.sunrockbiopharma.com\/#\/schema\/person\/4ea2f25ba0ae14f007cd36bc8c8550ea","name":"SunRock","image":{"@type":"ImageObject","@id":"https:\/\/www.sunrockbiopharma.com\/#personlogo","inLanguage":"es","url":"https:\/\/secure.gravatar.com\/avatar\/e49e14e1d27c5f474f91bf5035dbde13?s=96&d=mm&r=g","contentUrl":"https:\/\/secure.gravatar.com\/avatar\/e49e14e1d27c5f474f91bf5035dbde13?s=96&d=mm&r=g","caption":"SunRock"}}]}},"_links":{"self":[{"href":"https:\/\/www.sunrockbiopharma.com\/es\/wp-json\/wp\/v2\/posts\/1330"}],"collection":[{"href":"https:\/\/www.sunrockbiopharma.com\/es\/wp-json\/wp\/v2\/posts"}],"about":[{"href":"https:\/\/www.sunrockbiopharma.com\/es\/wp-json\/wp\/v2\/types\/post"}],"author":[{"embeddable":true,"href":"https:\/\/www.sunrockbiopharma.com\/es\/wp-json\/wp\/v2\/users\/1"}],"replies":[{"embeddable":true,"href":"https:\/\/www.sunrockbiopharma.com\/es\/wp-json\/wp\/v2\/comments?post=1330"}],"version-history":[{"count":1,"href":"https:\/\/www.sunrockbiopharma.com\/es\/wp-json\/wp\/v2\/posts\/1330\/revisions"}],"predecessor-version":[{"id":1331,"href":"https:\/\/www.sunrockbiopharma.com\/es\/wp-json\/wp\/v2\/posts\/1330\/revisions\/1331"}],"wp:featuredmedia":[{"embeddable":true,"href":"https:\/\/www.sunrockbiopharma.com\/es\/wp-json\/wp\/v2\/media\/1364"}],"wp:attachment":[{"href":"https:\/\/www.sunrockbiopharma.com\/es\/wp-json\/wp\/v2\/media?parent=1330"}],"wp:term":[{"taxonomy":"category","embeddable":true,"href":"https:\/\/www.sunrockbiopharma.com\/es\/wp-json\/wp\/v2\/categories?post=1330"},{"taxonomy":"post_tag","embeddable":true,"href":"https:\/\/www.sunrockbiopharma.com\/es\/wp-json\/wp\/v2\/tags?post=1330"}],"curies":[{"name":"wp","href":"https:\/\/api.w.org\/{rel}","templated":true}]}}