{"id":1376,"date":"2025-03-04T13:16:22","date_gmt":"2025-03-04T12:16:22","guid":{"rendered":"https:\/\/www.sunrockbiopharma.com\/?p=1376"},"modified":"2025-03-04T13:49:48","modified_gmt":"2025-03-04T12:49:48","slug":"sunrock-biopharma-s-l-asistira-a-la-bioeurope-spring-2025-en-milan-del-17-al-19-de-marzo","status":"publish","type":"post","link":"https:\/\/www.sunrockbiopharma.com\/es\/sunrock-biopharma-s-l-asistira-a-la-bioeurope-spring-2025-en-milan-del-17-al-19-de-marzo\/","title":{"rendered":"SunRock Biopharma, S.L asistir\u00e1 a la BIOEurope Spring 2025 en Mil\u00e1n del 17 al 19 de marzo"},"content":{"rendered":"<p>Somos una compa\u00f1\u00eda biotecnol\u00f3gica con un pipeline de anticuerpos terap\u00e9uticos para el tratamiento del c\u00e1ncer y enfermedades inflamatorias inmunomediadas, incluyendo EII.<\/p>\n<p>\u00a1Esperamos verle all\u00ed!<\/p>\n","protected":false},"excerpt":{"rendered":"<p>Somos una compa\u00f1\u00eda biotecnol\u00f3gica con un pipeline de anticuerpos terap\u00e9uticos para el tratamiento del c\u00e1ncer y enfermedades inflamatorias inmunomediadas, incluyendo EII&#8230;.<\/p>\n","protected":false},"author":1,"featured_media":1374,"comment_status":"closed","ping_status":"closed","sticky":false,"template":"","format":"standard","meta":{"_mi_skip_tracking":false},"categories":[20],"tags":[],"yoast_head":"<!-- This site is optimized with the Yoast SEO plugin v17.7.1 - https:\/\/yoast.com\/wordpress\/plugins\/seo\/ -->\r\n<title>SunRock Biopharma, S.L asistir\u00e1 a la BIOEurope Spring 2025 en Mil\u00e1n del 17 al 19 de marzo | SunRock Biopharma<\/title>\r\n<meta name=\"robots\" content=\"noindex, follow\" \/>\r\n<meta property=\"og:locale\" content=\"es_ES\" \/>\r\n<meta property=\"og:type\" content=\"article\" \/>\r\n<meta property=\"og:title\" content=\"SunRock Biopharma, S.L asistir\u00e1 a la BIOEurope Spring 2025 en Mil\u00e1n del 17 al 19 de marzo | SunRock Biopharma\" \/>\r\n<meta property=\"og:description\" content=\"Somos una compa\u00f1\u00eda biotecnol\u00f3gica con un pipeline de anticuerpos terap\u00e9uticos para el tratamiento del c\u00e1ncer y enfermedades inflamatorias inmunomediadas, incluyendo EII....\" \/>\r\n<meta property=\"og:url\" content=\"https:\/\/www.sunrockbiopharma.com\/es\/sunrock-biopharma-s-l-asistira-a-la-bioeurope-spring-2025-en-milan-del-17-al-19-de-marzo\/\" \/>\r\n<meta property=\"og:site_name\" content=\"SunRock Biopharma\" \/>\r\n<meta property=\"article:published_time\" content=\"2025-03-04T12:16:22+00:00\" \/>\r\n<meta property=\"article:modified_time\" content=\"2025-03-04T12:49:48+00:00\" \/>\r\n<meta property=\"og:image\" content=\"https:\/\/www.sunrockbiopharma.com\/wp-content\/uploads\/2025\/03\/bioeurope.jpg\" \/>\r\n\t<meta property=\"og:image:width\" content=\"984\" \/>\r\n\t<meta property=\"og:image:height\" content=\"510\" \/>\r\n<meta name=\"twitter:card\" content=\"summary_large_image\" \/>\r\n<meta name=\"twitter:label1\" content=\"Escrito por\" \/>\n\t<meta name=\"twitter:data1\" content=\"SunRock\" \/>\r\n<script type=\"application\/ld+json\" class=\"yoast-schema-graph\">{\"@context\":\"https:\/\/schema.org\",\"@graph\":[{\"@type\":\"Organization\",\"@id\":\"https:\/\/www.sunrockbiopharma.com\/#organization\",\"name\":\"SunRock Biopharma\",\"url\":\"https:\/\/www.sunrockbiopharma.com\/\",\"sameAs\":[],\"logo\":{\"@type\":\"ImageObject\",\"@id\":\"https:\/\/www.sunrockbiopharma.com\/#logo\",\"inLanguage\":\"es\",\"url\":\"https:\/\/www.sunrockbiopharma.com\/wp-content\/uploads\/2020\/09\/sunrock-seo-fb.png\",\"contentUrl\":\"https:\/\/www.sunrockbiopharma.com\/wp-content\/uploads\/2020\/09\/sunrock-seo-fb.png\",\"width\":1201,\"height\":631,\"caption\":\"SunRock Biopharma\"},\"image\":{\"@id\":\"https:\/\/www.sunrockbiopharma.com\/#logo\"}},{\"@type\":\"WebSite\",\"@id\":\"https:\/\/www.sunrockbiopharma.com\/#website\",\"url\":\"https:\/\/www.sunrockbiopharma.com\/\",\"name\":\"SunRock Biopharma\",\"description\":\"Solutions for cancer therapy\",\"publisher\":{\"@id\":\"https:\/\/www.sunrockbiopharma.com\/#organization\"},\"potentialAction\":[{\"@type\":\"SearchAction\",\"target\":{\"@type\":\"EntryPoint\",\"urlTemplate\":\"https:\/\/www.sunrockbiopharma.com\/?s={search_term_string}\"},\"query-input\":\"required name=search_term_string\"}],\"inLanguage\":\"es\"},{\"@type\":\"ImageObject\",\"@id\":\"https:\/\/www.sunrockbiopharma.com\/es\/sunrock-biopharma-s-l-asistira-a-la-bioeurope-spring-2025-en-milan-del-17-al-19-de-marzo\/#primaryimage\",\"inLanguage\":\"es\",\"url\":\"https:\/\/www.sunrockbiopharma.com\/wp-content\/uploads\/2025\/03\/bioeurope.jpg\",\"contentUrl\":\"https:\/\/www.sunrockbiopharma.com\/wp-content\/uploads\/2025\/03\/bioeurope.jpg\",\"width\":984,\"height\":510},{\"@type\":\"WebPage\",\"@id\":\"https:\/\/www.sunrockbiopharma.com\/es\/sunrock-biopharma-s-l-asistira-a-la-bioeurope-spring-2025-en-milan-del-17-al-19-de-marzo\/#webpage\",\"url\":\"https:\/\/www.sunrockbiopharma.com\/es\/sunrock-biopharma-s-l-asistira-a-la-bioeurope-spring-2025-en-milan-del-17-al-19-de-marzo\/\",\"name\":\"SunRock Biopharma, S.L asistir\\u00e1 a la BIOEurope Spring 2025 en Mil\\u00e1n del 17 al 19 de marzo | SunRock Biopharma\",\"isPartOf\":{\"@id\":\"https:\/\/www.sunrockbiopharma.com\/#website\"},\"primaryImageOfPage\":{\"@id\":\"https:\/\/www.sunrockbiopharma.com\/es\/sunrock-biopharma-s-l-asistira-a-la-bioeurope-spring-2025-en-milan-del-17-al-19-de-marzo\/#primaryimage\"},\"datePublished\":\"2025-03-04T12:16:22+00:00\",\"dateModified\":\"2025-03-04T12:49:48+00:00\",\"breadcrumb\":{\"@id\":\"https:\/\/www.sunrockbiopharma.com\/es\/sunrock-biopharma-s-l-asistira-a-la-bioeurope-spring-2025-en-milan-del-17-al-19-de-marzo\/#breadcrumb\"},\"inLanguage\":\"es\",\"potentialAction\":[{\"@type\":\"ReadAction\",\"target\":[\"https:\/\/www.sunrockbiopharma.com\/es\/sunrock-biopharma-s-l-asistira-a-la-bioeurope-spring-2025-en-milan-del-17-al-19-de-marzo\/\"]}]},{\"@type\":\"BreadcrumbList\",\"@id\":\"https:\/\/www.sunrockbiopharma.com\/es\/sunrock-biopharma-s-l-asistira-a-la-bioeurope-spring-2025-en-milan-del-17-al-19-de-marzo\/#breadcrumb\",\"itemListElement\":[{\"@type\":\"ListItem\",\"position\":1,\"name\":\"Home\",\"item\":\"https:\/\/www.sunrockbiopharma.com\/es\/\"},{\"@type\":\"ListItem\",\"position\":2,\"name\":\"SunRock Biopharma, S.L asistir\\u00e1 a la BIOEurope Spring 2025 en Mil\\u00e1n del 17 al 19 de marzo\"}]},{\"@type\":\"Article\",\"@id\":\"https:\/\/www.sunrockbiopharma.com\/es\/sunrock-biopharma-s-l-asistira-a-la-bioeurope-spring-2025-en-milan-del-17-al-19-de-marzo\/#article\",\"isPartOf\":{\"@id\":\"https:\/\/www.sunrockbiopharma.com\/es\/sunrock-biopharma-s-l-asistira-a-la-bioeurope-spring-2025-en-milan-del-17-al-19-de-marzo\/#webpage\"},\"author\":{\"@id\":\"https:\/\/www.sunrockbiopharma.com\/#\/schema\/person\/4ea2f25ba0ae14f007cd36bc8c8550ea\"},\"headline\":\"SunRock Biopharma, S.L asistir\\u00e1 a la BIOEurope Spring 2025 en Mil\\u00e1n del 17 al 19 de marzo\",\"datePublished\":\"2025-03-04T12:16:22+00:00\",\"dateModified\":\"2025-03-04T12:49:48+00:00\",\"mainEntityOfPage\":{\"@id\":\"https:\/\/www.sunrockbiopharma.com\/es\/sunrock-biopharma-s-l-asistira-a-la-bioeurope-spring-2025-en-milan-del-17-al-19-de-marzo\/#webpage\"},\"wordCount\":46,\"publisher\":{\"@id\":\"https:\/\/www.sunrockbiopharma.com\/#organization\"},\"image\":{\"@id\":\"https:\/\/www.sunrockbiopharma.com\/es\/sunrock-biopharma-s-l-asistira-a-la-bioeurope-spring-2025-en-milan-del-17-al-19-de-marzo\/#primaryimage\"},\"thumbnailUrl\":\"https:\/\/www.sunrockbiopharma.com\/wp-content\/uploads\/2025\/03\/bioeurope.jpg\",\"articleSection\":[\"eventos\"],\"inLanguage\":\"es\"},{\"@type\":\"Person\",\"@id\":\"https:\/\/www.sunrockbiopharma.com\/#\/schema\/person\/4ea2f25ba0ae14f007cd36bc8c8550ea\",\"name\":\"SunRock\",\"image\":{\"@type\":\"ImageObject\",\"@id\":\"https:\/\/www.sunrockbiopharma.com\/#personlogo\",\"inLanguage\":\"es\",\"url\":\"https:\/\/secure.gravatar.com\/avatar\/e49e14e1d27c5f474f91bf5035dbde13?s=96&d=mm&r=g\",\"contentUrl\":\"https:\/\/secure.gravatar.com\/avatar\/e49e14e1d27c5f474f91bf5035dbde13?s=96&d=mm&r=g\",\"caption\":\"SunRock\"}}]}<\/script>\r\n<!-- \/ Yoast SEO plugin. -->","yoast_head_json":{"title":"SunRock Biopharma, S.L asistir\u00e1 a la BIOEurope Spring 2025 en Mil\u00e1n del 17 al 19 de marzo | SunRock Biopharma","robots":{"index":"noindex","follow":"follow"},"og_locale":"es_ES","og_type":"article","og_title":"SunRock Biopharma, S.L asistir\u00e1 a la BIOEurope Spring 2025 en Mil\u00e1n del 17 al 19 de marzo | SunRock Biopharma","og_description":"Somos una compa\u00f1\u00eda biotecnol\u00f3gica con un pipeline de anticuerpos terap\u00e9uticos para el tratamiento del c\u00e1ncer y enfermedades inflamatorias inmunomediadas, incluyendo EII....","og_url":"https:\/\/www.sunrockbiopharma.com\/es\/sunrock-biopharma-s-l-asistira-a-la-bioeurope-spring-2025-en-milan-del-17-al-19-de-marzo\/","og_site_name":"SunRock Biopharma","article_published_time":"2025-03-04T12:16:22+00:00","article_modified_time":"2025-03-04T12:49:48+00:00","og_image":[{"width":984,"height":510,"url":"https:\/\/www.sunrockbiopharma.com\/wp-content\/uploads\/2025\/03\/bioeurope.jpg","type":"image\/jpeg"}],"twitter_card":"summary_large_image","twitter_misc":{"Escrito por":"SunRock"},"schema":{"@context":"https:\/\/schema.org","@graph":[{"@type":"Organization","@id":"https:\/\/www.sunrockbiopharma.com\/#organization","name":"SunRock Biopharma","url":"https:\/\/www.sunrockbiopharma.com\/","sameAs":[],"logo":{"@type":"ImageObject","@id":"https:\/\/www.sunrockbiopharma.com\/#logo","inLanguage":"es","url":"https:\/\/www.sunrockbiopharma.com\/wp-content\/uploads\/2020\/09\/sunrock-seo-fb.png","contentUrl":"https:\/\/www.sunrockbiopharma.com\/wp-content\/uploads\/2020\/09\/sunrock-seo-fb.png","width":1201,"height":631,"caption":"SunRock Biopharma"},"image":{"@id":"https:\/\/www.sunrockbiopharma.com\/#logo"}},{"@type":"WebSite","@id":"https:\/\/www.sunrockbiopharma.com\/#website","url":"https:\/\/www.sunrockbiopharma.com\/","name":"SunRock Biopharma","description":"Solutions for cancer therapy","publisher":{"@id":"https:\/\/www.sunrockbiopharma.com\/#organization"},"potentialAction":[{"@type":"SearchAction","target":{"@type":"EntryPoint","urlTemplate":"https:\/\/www.sunrockbiopharma.com\/?s={search_term_string}"},"query-input":"required name=search_term_string"}],"inLanguage":"es"},{"@type":"ImageObject","@id":"https:\/\/www.sunrockbiopharma.com\/es\/sunrock-biopharma-s-l-asistira-a-la-bioeurope-spring-2025-en-milan-del-17-al-19-de-marzo\/#primaryimage","inLanguage":"es","url":"https:\/\/www.sunrockbiopharma.com\/wp-content\/uploads\/2025\/03\/bioeurope.jpg","contentUrl":"https:\/\/www.sunrockbiopharma.com\/wp-content\/uploads\/2025\/03\/bioeurope.jpg","width":984,"height":510},{"@type":"WebPage","@id":"https:\/\/www.sunrockbiopharma.com\/es\/sunrock-biopharma-s-l-asistira-a-la-bioeurope-spring-2025-en-milan-del-17-al-19-de-marzo\/#webpage","url":"https:\/\/www.sunrockbiopharma.com\/es\/sunrock-biopharma-s-l-asistira-a-la-bioeurope-spring-2025-en-milan-del-17-al-19-de-marzo\/","name":"SunRock Biopharma, S.L asistir\u00e1 a la BIOEurope Spring 2025 en Mil\u00e1n del 17 al 19 de marzo | SunRock Biopharma","isPartOf":{"@id":"https:\/\/www.sunrockbiopharma.com\/#website"},"primaryImageOfPage":{"@id":"https:\/\/www.sunrockbiopharma.com\/es\/sunrock-biopharma-s-l-asistira-a-la-bioeurope-spring-2025-en-milan-del-17-al-19-de-marzo\/#primaryimage"},"datePublished":"2025-03-04T12:16:22+00:00","dateModified":"2025-03-04T12:49:48+00:00","breadcrumb":{"@id":"https:\/\/www.sunrockbiopharma.com\/es\/sunrock-biopharma-s-l-asistira-a-la-bioeurope-spring-2025-en-milan-del-17-al-19-de-marzo\/#breadcrumb"},"inLanguage":"es","potentialAction":[{"@type":"ReadAction","target":["https:\/\/www.sunrockbiopharma.com\/es\/sunrock-biopharma-s-l-asistira-a-la-bioeurope-spring-2025-en-milan-del-17-al-19-de-marzo\/"]}]},{"@type":"BreadcrumbList","@id":"https:\/\/www.sunrockbiopharma.com\/es\/sunrock-biopharma-s-l-asistira-a-la-bioeurope-spring-2025-en-milan-del-17-al-19-de-marzo\/#breadcrumb","itemListElement":[{"@type":"ListItem","position":1,"name":"Home","item":"https:\/\/www.sunrockbiopharma.com\/es\/"},{"@type":"ListItem","position":2,"name":"SunRock Biopharma, S.L asistir\u00e1 a la BIOEurope Spring 2025 en Mil\u00e1n del 17 al 19 de marzo"}]},{"@type":"Article","@id":"https:\/\/www.sunrockbiopharma.com\/es\/sunrock-biopharma-s-l-asistira-a-la-bioeurope-spring-2025-en-milan-del-17-al-19-de-marzo\/#article","isPartOf":{"@id":"https:\/\/www.sunrockbiopharma.com\/es\/sunrock-biopharma-s-l-asistira-a-la-bioeurope-spring-2025-en-milan-del-17-al-19-de-marzo\/#webpage"},"author":{"@id":"https:\/\/www.sunrockbiopharma.com\/#\/schema\/person\/4ea2f25ba0ae14f007cd36bc8c8550ea"},"headline":"SunRock Biopharma, S.L asistir\u00e1 a la BIOEurope Spring 2025 en Mil\u00e1n del 17 al 19 de marzo","datePublished":"2025-03-04T12:16:22+00:00","dateModified":"2025-03-04T12:49:48+00:00","mainEntityOfPage":{"@id":"https:\/\/www.sunrockbiopharma.com\/es\/sunrock-biopharma-s-l-asistira-a-la-bioeurope-spring-2025-en-milan-del-17-al-19-de-marzo\/#webpage"},"wordCount":46,"publisher":{"@id":"https:\/\/www.sunrockbiopharma.com\/#organization"},"image":{"@id":"https:\/\/www.sunrockbiopharma.com\/es\/sunrock-biopharma-s-l-asistira-a-la-bioeurope-spring-2025-en-milan-del-17-al-19-de-marzo\/#primaryimage"},"thumbnailUrl":"https:\/\/www.sunrockbiopharma.com\/wp-content\/uploads\/2025\/03\/bioeurope.jpg","articleSection":["eventos"],"inLanguage":"es"},{"@type":"Person","@id":"https:\/\/www.sunrockbiopharma.com\/#\/schema\/person\/4ea2f25ba0ae14f007cd36bc8c8550ea","name":"SunRock","image":{"@type":"ImageObject","@id":"https:\/\/www.sunrockbiopharma.com\/#personlogo","inLanguage":"es","url":"https:\/\/secure.gravatar.com\/avatar\/e49e14e1d27c5f474f91bf5035dbde13?s=96&d=mm&r=g","contentUrl":"https:\/\/secure.gravatar.com\/avatar\/e49e14e1d27c5f474f91bf5035dbde13?s=96&d=mm&r=g","caption":"SunRock"}}]}},"_links":{"self":[{"href":"https:\/\/www.sunrockbiopharma.com\/es\/wp-json\/wp\/v2\/posts\/1376"}],"collection":[{"href":"https:\/\/www.sunrockbiopharma.com\/es\/wp-json\/wp\/v2\/posts"}],"about":[{"href":"https:\/\/www.sunrockbiopharma.com\/es\/wp-json\/wp\/v2\/types\/post"}],"author":[{"embeddable":true,"href":"https:\/\/www.sunrockbiopharma.com\/es\/wp-json\/wp\/v2\/users\/1"}],"replies":[{"embeddable":true,"href":"https:\/\/www.sunrockbiopharma.com\/es\/wp-json\/wp\/v2\/comments?post=1376"}],"version-history":[{"count":1,"href":"https:\/\/www.sunrockbiopharma.com\/es\/wp-json\/wp\/v2\/posts\/1376\/revisions"}],"predecessor-version":[{"id":1377,"href":"https:\/\/www.sunrockbiopharma.com\/es\/wp-json\/wp\/v2\/posts\/1376\/revisions\/1377"}],"wp:featuredmedia":[{"embeddable":true,"href":"https:\/\/www.sunrockbiopharma.com\/es\/wp-json\/wp\/v2\/media\/1374"}],"wp:attachment":[{"href":"https:\/\/www.sunrockbiopharma.com\/es\/wp-json\/wp\/v2\/media?parent=1376"}],"wp:term":[{"taxonomy":"category","embeddable":true,"href":"https:\/\/www.sunrockbiopharma.com\/es\/wp-json\/wp\/v2\/categories?post=1376"},{"taxonomy":"post_tag","embeddable":true,"href":"https:\/\/www.sunrockbiopharma.com\/es\/wp-json\/wp\/v2\/tags?post=1376"}],"curies":[{"name":"wp","href":"https:\/\/api.w.org\/{rel}","templated":true}]}}