{"id":1427,"date":"2025-10-01T13:02:27","date_gmt":"2025-10-01T11:02:27","guid":{"rendered":"https:\/\/www.sunrockbiopharma.com\/?p=1427"},"modified":"2025-10-02T12:13:20","modified_gmt":"2025-10-02T10:13:20","slug":"sunrock-biopharma-presentara-resultados-sobre-su-anticuerpo-anti-ccr9-para-eii-en-un-poster-en-la-ueg-week-berlin-2025","status":"publish","type":"post","link":"https:\/\/www.sunrockbiopharma.com\/es\/sunrock-biopharma-presentara-resultados-sobre-su-anticuerpo-anti-ccr9-para-eii-en-un-poster-en-la-ueg-week-berlin-2025\/","title":{"rendered":"SunRock Biopharma presentar\u00e1 resultados sobre su anticuerpo anti-CCR9 para EII en un p\u00f3ster en la UEG week, Berlin 2025"},"content":{"rendered":"<p data-start=\"66\" data-end=\"414\">Nuestro Manager, <strong data-start=\"84\" data-end=\"98\">Juan Buela<\/strong>, y nuestra Cient\u00edfica Senior, <strong data-start=\"129\" data-end=\"145\">Elia \u00c1lvarez<\/strong>, asistir\u00e1n a <strong data-start=\"159\" data-end=\"176\">UEG Week 2025<\/strong> en Berl\u00edn (4\u20137 de octubre), y nos complace anunciar que presentaremos un p\u00f3ster titulado:<br data-start=\"266\" data-end=\"269\" \/><strong data-start=\"269\" data-end=\"414\">\u201cPP0371: SRB3 DEMUESTRA UNA S\u00d3LIDA EFICACIA EX VIVO EN PACIENTES CON EII EXPUESTOS A BIOL\u00d3GICOS Y SE CORRELACIONA CON LA ACTIVIDAD DE LA ENFERMEDAD.\u201d<\/strong><\/p>\n<p data-start=\"416\" data-end=\"915\">En este estudio, nuestro anticuerpo anti-CCR9 mostr\u00f3 una potente actividad <em data-start=\"491\" data-end=\"500\">ex vivo<\/em> en muestras de pacientes con EII, logrando una <strong data-start=\"548\" data-end=\"592\">robusta depleci\u00f3n de c\u00e9lulas T CD4\u207aCCR9\u207a<\/strong> y una <strong data-start=\"599\" data-end=\"656\">reducci\u00f3n significativa de citocinas proinflamatorias<\/strong>. Estos efectos se observaron tanto en pacientes na\u00efve como en aquellos previamente tratados con biol\u00f3gicos, y se correlacionaron fuertemente con la actividad de la enfermedad, validando as\u00ed su <strong data-start=\"850\" data-end=\"914\">potencial terap\u00e9utico en poblaciones cl\u00ednicamente relevantes<\/strong>.<\/p>\n","protected":false},"excerpt":{"rendered":"<p>Nuestro Manager, Juan Buela, y nuestra Cient\u00edfica Senior, Elia \u00c1lvarez, asistir\u00e1n a UEG Week 2025 en Berl\u00edn (4\u20137 de octubre), y&#8230;<\/p>\n","protected":false},"author":1,"featured_media":1428,"comment_status":"closed","ping_status":"closed","sticky":false,"template":"","format":"standard","meta":{"_mi_skip_tracking":false},"categories":[20],"tags":[],"yoast_head":"<!-- This site is optimized with the Yoast SEO plugin v17.7.1 - https:\/\/yoast.com\/wordpress\/plugins\/seo\/ -->\r\n<title>SunRock Biopharma presentar\u00e1 resultados sobre su anticuerpo anti-CCR9 para EII en un p\u00f3ster en la UEG week, Berlin 2025 | SunRock Biopharma<\/title>\r\n<meta name=\"robots\" content=\"noindex, follow\" \/>\r\n<meta property=\"og:locale\" content=\"es_ES\" \/>\r\n<meta property=\"og:type\" content=\"article\" \/>\r\n<meta property=\"og:title\" content=\"SunRock Biopharma presentar\u00e1 resultados sobre su anticuerpo anti-CCR9 para EII en un p\u00f3ster en la UEG week, Berlin 2025 | SunRock Biopharma\" \/>\r\n<meta property=\"og:description\" content=\"Nuestro Manager, Juan Buela, y nuestra Cient\u00edfica Senior, Elia \u00c1lvarez, asistir\u00e1n a UEG Week 2025 en Berl\u00edn (4\u20137 de octubre), y...\" \/>\r\n<meta property=\"og:url\" content=\"https:\/\/www.sunrockbiopharma.com\/es\/sunrock-biopharma-presentara-resultados-sobre-su-anticuerpo-anti-ccr9-para-eii-en-un-poster-en-la-ueg-week-berlin-2025\/\" \/>\r\n<meta property=\"og:site_name\" content=\"SunRock Biopharma\" \/>\r\n<meta property=\"article:published_time\" content=\"2025-10-01T11:02:27+00:00\" \/>\r\n<meta property=\"article:modified_time\" content=\"2025-10-02T10:13:20+00:00\" \/>\r\n<meta property=\"og:image\" content=\"https:\/\/www.sunrockbiopharma.com\/wp-content\/uploads\/2025\/10\/UEG2025.jpg\" \/>\r\n\t<meta property=\"og:image:width\" content=\"1280\" \/>\r\n\t<meta property=\"og:image:height\" content=\"720\" \/>\r\n<meta name=\"twitter:card\" content=\"summary_large_image\" \/>\r\n<meta name=\"twitter:label1\" content=\"Escrito por\" \/>\n\t<meta name=\"twitter:data1\" content=\"SunRock\" \/>\n\t<meta name=\"twitter:label2\" content=\"Tiempo de lectura\" \/>\n\t<meta name=\"twitter:data2\" content=\"1 minuto\" \/>\r\n<script type=\"application\/ld+json\" class=\"yoast-schema-graph\">{\"@context\":\"https:\/\/schema.org\",\"@graph\":[{\"@type\":\"Organization\",\"@id\":\"https:\/\/www.sunrockbiopharma.com\/#organization\",\"name\":\"SunRock Biopharma\",\"url\":\"https:\/\/www.sunrockbiopharma.com\/\",\"sameAs\":[],\"logo\":{\"@type\":\"ImageObject\",\"@id\":\"https:\/\/www.sunrockbiopharma.com\/#logo\",\"inLanguage\":\"es\",\"url\":\"https:\/\/www.sunrockbiopharma.com\/wp-content\/uploads\/2020\/09\/sunrock-seo-fb.png\",\"contentUrl\":\"https:\/\/www.sunrockbiopharma.com\/wp-content\/uploads\/2020\/09\/sunrock-seo-fb.png\",\"width\":1201,\"height\":631,\"caption\":\"SunRock Biopharma\"},\"image\":{\"@id\":\"https:\/\/www.sunrockbiopharma.com\/#logo\"}},{\"@type\":\"WebSite\",\"@id\":\"https:\/\/www.sunrockbiopharma.com\/#website\",\"url\":\"https:\/\/www.sunrockbiopharma.com\/\",\"name\":\"SunRock Biopharma\",\"description\":\"Solutions for cancer therapy\",\"publisher\":{\"@id\":\"https:\/\/www.sunrockbiopharma.com\/#organization\"},\"potentialAction\":[{\"@type\":\"SearchAction\",\"target\":{\"@type\":\"EntryPoint\",\"urlTemplate\":\"https:\/\/www.sunrockbiopharma.com\/?s={search_term_string}\"},\"query-input\":\"required name=search_term_string\"}],\"inLanguage\":\"es\"},{\"@type\":\"ImageObject\",\"@id\":\"https:\/\/www.sunrockbiopharma.com\/es\/sunrock-biopharma-presentara-resultados-sobre-su-anticuerpo-anti-ccr9-para-eii-en-un-poster-en-la-ueg-week-berlin-2025\/#primaryimage\",\"inLanguage\":\"es\",\"url\":\"https:\/\/www.sunrockbiopharma.com\/wp-content\/uploads\/2025\/10\/UEG2025.jpg\",\"contentUrl\":\"https:\/\/www.sunrockbiopharma.com\/wp-content\/uploads\/2025\/10\/UEG2025.jpg\",\"width\":1280,\"height\":720},{\"@type\":\"WebPage\",\"@id\":\"https:\/\/www.sunrockbiopharma.com\/es\/sunrock-biopharma-presentara-resultados-sobre-su-anticuerpo-anti-ccr9-para-eii-en-un-poster-en-la-ueg-week-berlin-2025\/#webpage\",\"url\":\"https:\/\/www.sunrockbiopharma.com\/es\/sunrock-biopharma-presentara-resultados-sobre-su-anticuerpo-anti-ccr9-para-eii-en-un-poster-en-la-ueg-week-berlin-2025\/\",\"name\":\"SunRock Biopharma presentar\\u00e1 resultados sobre su anticuerpo anti-CCR9 para EII en un p\\u00f3ster en la UEG week, Berlin 2025 | SunRock Biopharma\",\"isPartOf\":{\"@id\":\"https:\/\/www.sunrockbiopharma.com\/#website\"},\"primaryImageOfPage\":{\"@id\":\"https:\/\/www.sunrockbiopharma.com\/es\/sunrock-biopharma-presentara-resultados-sobre-su-anticuerpo-anti-ccr9-para-eii-en-un-poster-en-la-ueg-week-berlin-2025\/#primaryimage\"},\"datePublished\":\"2025-10-01T11:02:27+00:00\",\"dateModified\":\"2025-10-02T10:13:20+00:00\",\"breadcrumb\":{\"@id\":\"https:\/\/www.sunrockbiopharma.com\/es\/sunrock-biopharma-presentara-resultados-sobre-su-anticuerpo-anti-ccr9-para-eii-en-un-poster-en-la-ueg-week-berlin-2025\/#breadcrumb\"},\"inLanguage\":\"es\",\"potentialAction\":[{\"@type\":\"ReadAction\",\"target\":[\"https:\/\/www.sunrockbiopharma.com\/es\/sunrock-biopharma-presentara-resultados-sobre-su-anticuerpo-anti-ccr9-para-eii-en-un-poster-en-la-ueg-week-berlin-2025\/\"]}]},{\"@type\":\"BreadcrumbList\",\"@id\":\"https:\/\/www.sunrockbiopharma.com\/es\/sunrock-biopharma-presentara-resultados-sobre-su-anticuerpo-anti-ccr9-para-eii-en-un-poster-en-la-ueg-week-berlin-2025\/#breadcrumb\",\"itemListElement\":[{\"@type\":\"ListItem\",\"position\":1,\"name\":\"Home\",\"item\":\"https:\/\/www.sunrockbiopharma.com\/es\/\"},{\"@type\":\"ListItem\",\"position\":2,\"name\":\"SunRock Biopharma presentar\\u00e1 resultados sobre su anticuerpo anti-CCR9 para EII en un p\\u00f3ster en la UEG week, Berlin 2025\"}]},{\"@type\":\"Article\",\"@id\":\"https:\/\/www.sunrockbiopharma.com\/es\/sunrock-biopharma-presentara-resultados-sobre-su-anticuerpo-anti-ccr9-para-eii-en-un-poster-en-la-ueg-week-berlin-2025\/#article\",\"isPartOf\":{\"@id\":\"https:\/\/www.sunrockbiopharma.com\/es\/sunrock-biopharma-presentara-resultados-sobre-su-anticuerpo-anti-ccr9-para-eii-en-un-poster-en-la-ueg-week-berlin-2025\/#webpage\"},\"author\":{\"@id\":\"https:\/\/www.sunrockbiopharma.com\/#\/schema\/person\/4ea2f25ba0ae14f007cd36bc8c8550ea\"},\"headline\":\"SunRock Biopharma presentar\\u00e1 resultados sobre su anticuerpo anti-CCR9 para EII en un p\\u00f3ster en la UEG week, Berlin 2025\",\"datePublished\":\"2025-10-01T11:02:27+00:00\",\"dateModified\":\"2025-10-02T10:13:20+00:00\",\"mainEntityOfPage\":{\"@id\":\"https:\/\/www.sunrockbiopharma.com\/es\/sunrock-biopharma-presentara-resultados-sobre-su-anticuerpo-anti-ccr9-para-eii-en-un-poster-en-la-ueg-week-berlin-2025\/#webpage\"},\"wordCount\":158,\"publisher\":{\"@id\":\"https:\/\/www.sunrockbiopharma.com\/#organization\"},\"image\":{\"@id\":\"https:\/\/www.sunrockbiopharma.com\/es\/sunrock-biopharma-presentara-resultados-sobre-su-anticuerpo-anti-ccr9-para-eii-en-un-poster-en-la-ueg-week-berlin-2025\/#primaryimage\"},\"thumbnailUrl\":\"https:\/\/www.sunrockbiopharma.com\/wp-content\/uploads\/2025\/10\/UEG2025.jpg\",\"articleSection\":[\"eventos\"],\"inLanguage\":\"es\"},{\"@type\":\"Person\",\"@id\":\"https:\/\/www.sunrockbiopharma.com\/#\/schema\/person\/4ea2f25ba0ae14f007cd36bc8c8550ea\",\"name\":\"SunRock\",\"image\":{\"@type\":\"ImageObject\",\"@id\":\"https:\/\/www.sunrockbiopharma.com\/#personlogo\",\"inLanguage\":\"es\",\"url\":\"https:\/\/secure.gravatar.com\/avatar\/e49e14e1d27c5f474f91bf5035dbde13?s=96&d=mm&r=g\",\"contentUrl\":\"https:\/\/secure.gravatar.com\/avatar\/e49e14e1d27c5f474f91bf5035dbde13?s=96&d=mm&r=g\",\"caption\":\"SunRock\"}}]}<\/script>\r\n<!-- \/ Yoast SEO plugin. -->","yoast_head_json":{"title":"SunRock Biopharma presentar\u00e1 resultados sobre su anticuerpo anti-CCR9 para EII en un p\u00f3ster en la UEG week, Berlin 2025 | SunRock Biopharma","robots":{"index":"noindex","follow":"follow"},"og_locale":"es_ES","og_type":"article","og_title":"SunRock Biopharma presentar\u00e1 resultados sobre su anticuerpo anti-CCR9 para EII en un p\u00f3ster en la UEG week, Berlin 2025 | SunRock Biopharma","og_description":"Nuestro Manager, Juan Buela, y nuestra Cient\u00edfica Senior, Elia \u00c1lvarez, asistir\u00e1n a UEG Week 2025 en Berl\u00edn (4\u20137 de octubre), y...","og_url":"https:\/\/www.sunrockbiopharma.com\/es\/sunrock-biopharma-presentara-resultados-sobre-su-anticuerpo-anti-ccr9-para-eii-en-un-poster-en-la-ueg-week-berlin-2025\/","og_site_name":"SunRock Biopharma","article_published_time":"2025-10-01T11:02:27+00:00","article_modified_time":"2025-10-02T10:13:20+00:00","og_image":[{"width":1280,"height":720,"url":"https:\/\/www.sunrockbiopharma.com\/wp-content\/uploads\/2025\/10\/UEG2025.jpg","type":"image\/jpeg"}],"twitter_card":"summary_large_image","twitter_misc":{"Escrito por":"SunRock","Tiempo de lectura":"1 minuto"},"schema":{"@context":"https:\/\/schema.org","@graph":[{"@type":"Organization","@id":"https:\/\/www.sunrockbiopharma.com\/#organization","name":"SunRock Biopharma","url":"https:\/\/www.sunrockbiopharma.com\/","sameAs":[],"logo":{"@type":"ImageObject","@id":"https:\/\/www.sunrockbiopharma.com\/#logo","inLanguage":"es","url":"https:\/\/www.sunrockbiopharma.com\/wp-content\/uploads\/2020\/09\/sunrock-seo-fb.png","contentUrl":"https:\/\/www.sunrockbiopharma.com\/wp-content\/uploads\/2020\/09\/sunrock-seo-fb.png","width":1201,"height":631,"caption":"SunRock Biopharma"},"image":{"@id":"https:\/\/www.sunrockbiopharma.com\/#logo"}},{"@type":"WebSite","@id":"https:\/\/www.sunrockbiopharma.com\/#website","url":"https:\/\/www.sunrockbiopharma.com\/","name":"SunRock Biopharma","description":"Solutions for cancer therapy","publisher":{"@id":"https:\/\/www.sunrockbiopharma.com\/#organization"},"potentialAction":[{"@type":"SearchAction","target":{"@type":"EntryPoint","urlTemplate":"https:\/\/www.sunrockbiopharma.com\/?s={search_term_string}"},"query-input":"required name=search_term_string"}],"inLanguage":"es"},{"@type":"ImageObject","@id":"https:\/\/www.sunrockbiopharma.com\/es\/sunrock-biopharma-presentara-resultados-sobre-su-anticuerpo-anti-ccr9-para-eii-en-un-poster-en-la-ueg-week-berlin-2025\/#primaryimage","inLanguage":"es","url":"https:\/\/www.sunrockbiopharma.com\/wp-content\/uploads\/2025\/10\/UEG2025.jpg","contentUrl":"https:\/\/www.sunrockbiopharma.com\/wp-content\/uploads\/2025\/10\/UEG2025.jpg","width":1280,"height":720},{"@type":"WebPage","@id":"https:\/\/www.sunrockbiopharma.com\/es\/sunrock-biopharma-presentara-resultados-sobre-su-anticuerpo-anti-ccr9-para-eii-en-un-poster-en-la-ueg-week-berlin-2025\/#webpage","url":"https:\/\/www.sunrockbiopharma.com\/es\/sunrock-biopharma-presentara-resultados-sobre-su-anticuerpo-anti-ccr9-para-eii-en-un-poster-en-la-ueg-week-berlin-2025\/","name":"SunRock Biopharma presentar\u00e1 resultados sobre su anticuerpo anti-CCR9 para EII en un p\u00f3ster en la UEG week, Berlin 2025 | SunRock Biopharma","isPartOf":{"@id":"https:\/\/www.sunrockbiopharma.com\/#website"},"primaryImageOfPage":{"@id":"https:\/\/www.sunrockbiopharma.com\/es\/sunrock-biopharma-presentara-resultados-sobre-su-anticuerpo-anti-ccr9-para-eii-en-un-poster-en-la-ueg-week-berlin-2025\/#primaryimage"},"datePublished":"2025-10-01T11:02:27+00:00","dateModified":"2025-10-02T10:13:20+00:00","breadcrumb":{"@id":"https:\/\/www.sunrockbiopharma.com\/es\/sunrock-biopharma-presentara-resultados-sobre-su-anticuerpo-anti-ccr9-para-eii-en-un-poster-en-la-ueg-week-berlin-2025\/#breadcrumb"},"inLanguage":"es","potentialAction":[{"@type":"ReadAction","target":["https:\/\/www.sunrockbiopharma.com\/es\/sunrock-biopharma-presentara-resultados-sobre-su-anticuerpo-anti-ccr9-para-eii-en-un-poster-en-la-ueg-week-berlin-2025\/"]}]},{"@type":"BreadcrumbList","@id":"https:\/\/www.sunrockbiopharma.com\/es\/sunrock-biopharma-presentara-resultados-sobre-su-anticuerpo-anti-ccr9-para-eii-en-un-poster-en-la-ueg-week-berlin-2025\/#breadcrumb","itemListElement":[{"@type":"ListItem","position":1,"name":"Home","item":"https:\/\/www.sunrockbiopharma.com\/es\/"},{"@type":"ListItem","position":2,"name":"SunRock Biopharma presentar\u00e1 resultados sobre su anticuerpo anti-CCR9 para EII en un p\u00f3ster en la UEG week, Berlin 2025"}]},{"@type":"Article","@id":"https:\/\/www.sunrockbiopharma.com\/es\/sunrock-biopharma-presentara-resultados-sobre-su-anticuerpo-anti-ccr9-para-eii-en-un-poster-en-la-ueg-week-berlin-2025\/#article","isPartOf":{"@id":"https:\/\/www.sunrockbiopharma.com\/es\/sunrock-biopharma-presentara-resultados-sobre-su-anticuerpo-anti-ccr9-para-eii-en-un-poster-en-la-ueg-week-berlin-2025\/#webpage"},"author":{"@id":"https:\/\/www.sunrockbiopharma.com\/#\/schema\/person\/4ea2f25ba0ae14f007cd36bc8c8550ea"},"headline":"SunRock Biopharma presentar\u00e1 resultados sobre su anticuerpo anti-CCR9 para EII en un p\u00f3ster en la UEG week, Berlin 2025","datePublished":"2025-10-01T11:02:27+00:00","dateModified":"2025-10-02T10:13:20+00:00","mainEntityOfPage":{"@id":"https:\/\/www.sunrockbiopharma.com\/es\/sunrock-biopharma-presentara-resultados-sobre-su-anticuerpo-anti-ccr9-para-eii-en-un-poster-en-la-ueg-week-berlin-2025\/#webpage"},"wordCount":158,"publisher":{"@id":"https:\/\/www.sunrockbiopharma.com\/#organization"},"image":{"@id":"https:\/\/www.sunrockbiopharma.com\/es\/sunrock-biopharma-presentara-resultados-sobre-su-anticuerpo-anti-ccr9-para-eii-en-un-poster-en-la-ueg-week-berlin-2025\/#primaryimage"},"thumbnailUrl":"https:\/\/www.sunrockbiopharma.com\/wp-content\/uploads\/2025\/10\/UEG2025.jpg","articleSection":["eventos"],"inLanguage":"es"},{"@type":"Person","@id":"https:\/\/www.sunrockbiopharma.com\/#\/schema\/person\/4ea2f25ba0ae14f007cd36bc8c8550ea","name":"SunRock","image":{"@type":"ImageObject","@id":"https:\/\/www.sunrockbiopharma.com\/#personlogo","inLanguage":"es","url":"https:\/\/secure.gravatar.com\/avatar\/e49e14e1d27c5f474f91bf5035dbde13?s=96&d=mm&r=g","contentUrl":"https:\/\/secure.gravatar.com\/avatar\/e49e14e1d27c5f474f91bf5035dbde13?s=96&d=mm&r=g","caption":"SunRock"}}]}},"_links":{"self":[{"href":"https:\/\/www.sunrockbiopharma.com\/es\/wp-json\/wp\/v2\/posts\/1427"}],"collection":[{"href":"https:\/\/www.sunrockbiopharma.com\/es\/wp-json\/wp\/v2\/posts"}],"about":[{"href":"https:\/\/www.sunrockbiopharma.com\/es\/wp-json\/wp\/v2\/types\/post"}],"author":[{"embeddable":true,"href":"https:\/\/www.sunrockbiopharma.com\/es\/wp-json\/wp\/v2\/users\/1"}],"replies":[{"embeddable":true,"href":"https:\/\/www.sunrockbiopharma.com\/es\/wp-json\/wp\/v2\/comments?post=1427"}],"version-history":[{"count":5,"href":"https:\/\/www.sunrockbiopharma.com\/es\/wp-json\/wp\/v2\/posts\/1427\/revisions"}],"predecessor-version":[{"id":1438,"href":"https:\/\/www.sunrockbiopharma.com\/es\/wp-json\/wp\/v2\/posts\/1427\/revisions\/1438"}],"wp:featuredmedia":[{"embeddable":true,"href":"https:\/\/www.sunrockbiopharma.com\/es\/wp-json\/wp\/v2\/media\/1428"}],"wp:attachment":[{"href":"https:\/\/www.sunrockbiopharma.com\/es\/wp-json\/wp\/v2\/media?parent=1427"}],"wp:term":[{"taxonomy":"category","embeddable":true,"href":"https:\/\/www.sunrockbiopharma.com\/es\/wp-json\/wp\/v2\/categories?post=1427"},{"taxonomy":"post_tag","embeddable":true,"href":"https:\/\/www.sunrockbiopharma.com\/es\/wp-json\/wp\/v2\/tags?post=1427"}],"curies":[{"name":"wp","href":"https:\/\/api.w.org\/{rel}","templated":true}]}}